{"id":993,"date":"2018-11-08T10:00:19","date_gmt":"2018-11-08T12:00:19","guid":{"rendered":"http:\/\/agrestefotostudio.com.br\/blog\/?p=993"},"modified":"2018-11-05T20:15:23","modified_gmt":"2018-11-05T22:15:23","slug":"7-anos-do-engenhoso-estudio-de-foto-tematica-na-feira-de-sao-cristovao","status":"publish","type":"post","link":"https:\/\/agrestefotostudio.com.br\/blog\/2018\/11\/08\/7-anos-do-engenhoso-estudio-de-foto-tematica-na-feira-de-sao-cristovao\/","title":{"rendered":"7 anos do Engenhoso Est\u00fadio de Foto Tem\u00e1tica na Feira de S\u00e3o Crist\u00f3v\u00e3o"},"content":{"rendered":"<p style=\"text-align: justify;\">\u00a0\u00a0\u00a0\u00a0 O est\u00fadio Agreste de fotos tem\u00e1ticas completou, em abril deste ano, mais um anivers\u00e1rio da marca: 7 anos! Eu e Antonio Muylaert, donos dos espa\u00e7os, nos sentimos honrados em fazer parte de todas as etapas do processo de elabora\u00e7\u00e3o do projeto: da sua cria\u00e7\u00e3o a sua execu\u00e7\u00e3o. N\u00f3s, juntamente com a equipe, temos o compromisso de dar continuidade, com a mesma seriedade, ao projeto iniciado em 2011, que fez do est\u00fadio um ponto de refer\u00eancia para quem deseja realizar uma foto produzida, ambientada e entregue em minutos desde ent\u00e3o. J\u00e1 no come\u00e7o definimos claramente objetivos e metas. Um deles \u00e9 realizar imagens por meio de produ\u00e7\u00f5es tem\u00e1ticas, um g\u00eanero criativo e gratificante da fotografia.<br \/>\nO carioca Antonio Muylaert, webdesigner e profissional da \u00e1rea de tecnologia de informa\u00e7\u00e3o, sempre nutriu interesse por fotografia. De outro lado, eu, seu conterr\u00e2neo, rep\u00f3rter fotogr\u00e1fico, que, h\u00e1 33 anos, fiz dessa atividade a minha profiss\u00e3o, atuando principalmente na \u00e1rea editorial. Essas influ\u00eancias d\u00e3o sentido ao nosso prop\u00f3sito.<br \/>\nNo est\u00fadio, localizado na Feira de S\u00e3o Crist\u00f3v\u00e3o, na rua principal, pr\u00f3ximo a entrada da est\u00e1tua Luiz Gonzaga, n\u00f3s literalmente colocamos a m\u00e3o na massa e produzimos os cen\u00e1rios tem\u00e1ticos, sob a inspira\u00e7\u00e3o das mais diversas fontes, deixando fluir a criatividade, e, assim, nos permitir materializar nossas ideias.<\/p>\n<div id=\"attachment_995\" style=\"width: 582px\" class=\"wp-caption alignright\"><a href=\"http:\/\/agrestefotostudio.com.br\/blog\/wp-content\/uploads\/2018\/11\/cenario-agreste.jpg\"><img fetchpriority=\"high\" decoding=\"async\" aria-describedby=\"caption-attachment-995\" class=\"wp-image-995\" src=\"http:\/\/agrestefotostudio.com.br\/blog\/wp-content\/uploads\/2018\/11\/cenario-agreste.jpg\" alt=\"Cen\u00e1rio Agreste Foto Studio\" width=\"572\" height=\"372\" srcset=\"https:\/\/agrestefotostudio.com.br\/blog\/wp-content\/uploads\/2018\/11\/cenario-agreste.jpg 950w, https:\/\/agrestefotostudio.com.br\/blog\/wp-content\/uploads\/2018\/11\/cenario-agreste-300x195.jpg 300w, https:\/\/agrestefotostudio.com.br\/blog\/wp-content\/uploads\/2018\/11\/cenario-agreste-768x500.jpg 768w\" sizes=\"(max-width: 572px) 100vw, 572px\" \/><\/a><p id=\"caption-attachment-995\" class=\"wp-caption-text\">Foto: H\u00e9lio Motta<\/p><\/div>\n<p style=\"text-align: justify;\">\nAs pessoas que se movem nesse imenso tablado do pavilh\u00e3o, embalados pela mistura de acordes, a deliciosa comida t\u00edpica nordestina e a beleza do artesanato, n\u00e3o resistem a entrar no est\u00fadio, que tem localiza\u00e7\u00e3o privilegiada, e realizar uma foto, principalmente, seduzidos pela beleza r\u00fastica do cen\u00e1rio do sertanejo nordestino, estrategicamente colocado no fundo da loja, de frente para entrada, que capta o nosso olhar e mexe com nossos sentidos. N\u00e3o s\u00f3 o cen\u00e1rio, mas, cada detalhe da loja, bem definido, e o letreiro, produzido artesanalmente, t\u00eam a nossa assinatura, com o cuidado de elaborarmos os projetos com a mesma simplicidade de quando come\u00e7amos o trabalho na feira.<\/p>\n<p style=\"text-align: justify;\">A loja \u00e9 um ambiente carregado de boas inten\u00e7\u00f5es. Pode acreditar! E as \u00faltimas mudan\u00e7as cenogr\u00e1ficas no tema nordestino: parede de taipa, fog\u00e3o \u00e0 lenha e a irresist\u00edvel op\u00e7\u00e3o para realizar uma foto na janela da casa, o deixou bem mais interessante e bom de explorar. Outro ponto de destaque \u00e9 a ilumina\u00e7\u00e3o c\u00eanica da loja, que torna o espa\u00e7o mais agrad\u00e1vel e gostoso. Portanto, buscamos reproduzir um ambiente l\u00fadico da vida no sert\u00e3o e lhe convidar a entrar nesse territ\u00f3rio repleto de brasilidade e cheio de ternura, que encanta as pessoas.<\/p>\n<blockquote>\n<h3 style=\"text-align: center;\">&#8220;Mais de 200 mil pessoas fotografadas&#8221;<\/h3>\n<\/blockquote>\n<p style=\"text-align: justify;\">\u00a0\u00a0\u00a0\u00a0 Todo esse capricho para entregar um produto e realizar um servi\u00e7o da melhor qualidade se transforma em n\u00fameros: mais de 200 mil pessoas fotografadas em sete anos de atividades.<a href=\"http:\/\/agrestefotostudio.com.br\/blog\/wp-content\/uploads\/2018\/11\/servicos-estudio.jpg\"><img decoding=\"async\" class=\"wp-image-1004 alignleft\" src=\"http:\/\/agrestefotostudio.com.br\/blog\/wp-content\/uploads\/2018\/11\/servicos-estudio.jpg\" alt=\"\" width=\"441\" height=\"264\" srcset=\"https:\/\/agrestefotostudio.com.br\/blog\/wp-content\/uploads\/2018\/11\/servicos-estudio.jpg 822w, https:\/\/agrestefotostudio.com.br\/blog\/wp-content\/uploads\/2018\/11\/servicos-estudio-300x180.jpg 300w, https:\/\/agrestefotostudio.com.br\/blog\/wp-content\/uploads\/2018\/11\/servicos-estudio-768x460.jpg 768w\" sizes=\"(max-width: 441px) 100vw, 441px\" \/><\/a> S\u00e3o dois temas sempre dispon\u00edveis &#8211; o do sertanejo nordestino, tema permanente por estar inserido no contexto da feira e o outro um tema alternativo -, desenvolvido de acordo com a sua viabilidade t\u00e9cnica e o momento &#8220;Desde o in\u00edcio das atividades, sempre norteamos nossos objetivos com pesquisas e implementa\u00e7\u00f5es de novas tecnologias. Com isso novas t\u00e9cnicas e equipamentos foram sendo agregados ao longo desses 7 anos, trazendo qualidade profissional nas fotos entregues aos nossos clientes. Todo esse empenho em entregar um produto de alto padr\u00e3o para os nossos clientes, se confirma com um alto \u00edndice de satisfa\u00e7\u00e3o em nossa rede social. Chegando aos dias de hoje a quase 21.000 seguidores,&#8221; salienta Antonio.<br \/>\nN\u00e3o escondemos o nosso entusiasmo pelos dois est\u00fadios, em dois pontos da feira, e, em breve, estaremos disponibilizando mais novidades a voc\u00ea que, claro, faz parte desta hist\u00f3ria tamb\u00e9m.<\/p>\n","protected":false},"excerpt":{"rendered":"<p>\u00a0\u00a0\u00a0\u00a0 O est\u00fadio Agreste de fotos tem\u00e1ticas completou, em abril deste ano, mais um anivers\u00e1rio da marca: 7 anos! Eu&hellip;<\/p>\n","protected":false},"author":1,"featured_media":994,"comment_status":"open","ping_status":"open","sticky":false,"template":"","format":"standard","meta":{"footnotes":""},"categories":[5],"tags":[42,43,11,12,10,13,17,16],"class_list":["post-993","post","type-post","status-publish","format-standard","has-post-thumbnail","hentry","category-materias","tag-agrestefotostudio","tag-vemprorio","tag-agreste-foto-studio","tag-centro-de-tradicoes-nordestinas-luiz-gonzaga","tag-feira-de-sao-cristovao","tag-foto-tematica","tag-pontos-turisticos-rio-de-janeiro","tag-turismo-rio-de-janeiro"],"yoast_head":"<!-- This site is optimized with the Yoast SEO plugin v25.6 - https:\/\/yoast.com\/wordpress\/plugins\/seo\/ -->\n<title>7 anos do Engenhoso Est\u00fadio de Foto Tem\u00e1tica na Feira de S\u00e3o Crist\u00f3v\u00e3o -<\/title>\n<meta name=\"robots\" content=\"index, follow, max-snippet:-1, max-image-preview:large, max-video-preview:-1\" \/>\n<link rel=\"canonical\" href=\"https:\/\/agrestefotostudio.com.br\/blog\/2018\/11\/08\/7-anos-do-engenhoso-estudio-de-foto-tematica-na-feira-de-sao-cristovao\/\" \/>\n<meta property=\"og:locale\" content=\"pt_BR\" \/>\n<meta property=\"og:type\" content=\"article\" \/>\n<meta property=\"og:title\" content=\"7 anos do Engenhoso Est\u00fadio de Foto Tem\u00e1tica na Feira de S\u00e3o Crist\u00f3v\u00e3o -\" \/>\n<meta property=\"og:description\" content=\"\u00a0\u00a0\u00a0\u00a0 O est\u00fadio Agreste de fotos tem\u00e1ticas completou, em abril deste ano, mais um anivers\u00e1rio da marca: 7 anos! Eu&hellip;\" \/>\n<meta property=\"og:url\" content=\"https:\/\/agrestefotostudio.com.br\/blog\/2018\/11\/08\/7-anos-do-engenhoso-estudio-de-foto-tematica-na-feira-de-sao-cristovao\/\" \/>\n<meta property=\"article:publisher\" content=\"https:\/\/www.facebook.com\/agrestefotostudio\" \/>\n<meta property=\"article:published_time\" content=\"2018-11-08T12:00:19+00:00\" \/>\n<meta property=\"og:image\" content=\"https:\/\/agrestefotostudio.com.br\/blog\/wp-content\/uploads\/2018\/11\/destaque-agreste.jpg\" \/>\n\t<meta property=\"og:image:width\" content=\"920\" \/>\n\t<meta property=\"og:image:height\" content=\"550\" \/>\n\t<meta property=\"og:image:type\" content=\"image\/jpeg\" \/>\n<meta name=\"author\" content=\"afs\" \/>\n<meta name=\"twitter:card\" content=\"summary_large_image\" \/>\n<meta name=\"twitter:creator\" content=\"@agreste_studio\" \/>\n<meta name=\"twitter:site\" content=\"@agreste_studio\" \/>\n<meta name=\"twitter:label1\" content=\"Escrito por\" \/>\n\t<meta name=\"twitter:data1\" content=\"afs\" \/>\n\t<meta name=\"twitter:label2\" content=\"Est. tempo de leitura\" \/>\n\t<meta name=\"twitter:data2\" content=\"3 minutos\" \/>\n<script type=\"application\/ld+json\" class=\"yoast-schema-graph\">{\"@context\":\"https:\/\/schema.org\",\"@graph\":[{\"@type\":\"Article\",\"@id\":\"https:\/\/agrestefotostudio.com.br\/blog\/2018\/11\/08\/7-anos-do-engenhoso-estudio-de-foto-tematica-na-feira-de-sao-cristovao\/#article\",\"isPartOf\":{\"@id\":\"https:\/\/agrestefotostudio.com.br\/blog\/2018\/11\/08\/7-anos-do-engenhoso-estudio-de-foto-tematica-na-feira-de-sao-cristovao\/\"},\"author\":{\"name\":\"afs\",\"@id\":\"https:\/\/agrestefotostudio.com.br\/blog\/#\/schema\/person\/ab4eca1a6c1fccb46d9a09db7c91a603\"},\"headline\":\"7 anos do Engenhoso Est\u00fadio de Foto Tem\u00e1tica na Feira de S\u00e3o Crist\u00f3v\u00e3o\",\"datePublished\":\"2018-11-08T12:00:19+00:00\",\"mainEntityOfPage\":{\"@id\":\"https:\/\/agrestefotostudio.com.br\/blog\/2018\/11\/08\/7-anos-do-engenhoso-estudio-de-foto-tematica-na-feira-de-sao-cristovao\/\"},\"wordCount\":675,\"commentCount\":0,\"publisher\":{\"@id\":\"https:\/\/agrestefotostudio.com.br\/blog\/#organization\"},\"image\":{\"@id\":\"https:\/\/agrestefotostudio.com.br\/blog\/2018\/11\/08\/7-anos-do-engenhoso-estudio-de-foto-tematica-na-feira-de-sao-cristovao\/#primaryimage\"},\"thumbnailUrl\":\"https:\/\/agrestefotostudio.com.br\/blog\/wp-content\/uploads\/2018\/11\/destaque-agreste.jpg\",\"keywords\":[\"#agrestefotostudio\",\"#vemprorio\",\"Agreste Foto Studio\",\"Centro de Tradi\u00e7\u00f5es Nordestinas Luiz Gonzaga\",\"Feira de S\u00e3o Crist\u00f3v\u00e3o\",\"Foto Tem\u00e1tica\",\"Pontos Tur\u00edsticos Rio de Janeiro\",\"Turismo Rio de Janeiro\"],\"articleSection\":[\"Mat\u00e9rias\"],\"inLanguage\":\"pt-BR\",\"potentialAction\":[{\"@type\":\"CommentAction\",\"name\":\"Comment\",\"target\":[\"https:\/\/agrestefotostudio.com.br\/blog\/2018\/11\/08\/7-anos-do-engenhoso-estudio-de-foto-tematica-na-feira-de-sao-cristovao\/#respond\"]}]},{\"@type\":\"WebPage\",\"@id\":\"https:\/\/agrestefotostudio.com.br\/blog\/2018\/11\/08\/7-anos-do-engenhoso-estudio-de-foto-tematica-na-feira-de-sao-cristovao\/\",\"url\":\"https:\/\/agrestefotostudio.com.br\/blog\/2018\/11\/08\/7-anos-do-engenhoso-estudio-de-foto-tematica-na-feira-de-sao-cristovao\/\",\"name\":\"7 anos do Engenhoso Est\u00fadio de Foto Tem\u00e1tica na Feira de S\u00e3o Crist\u00f3v\u00e3o -\",\"isPartOf\":{\"@id\":\"https:\/\/agrestefotostudio.com.br\/blog\/#website\"},\"primaryImageOfPage\":{\"@id\":\"https:\/\/agrestefotostudio.com.br\/blog\/2018\/11\/08\/7-anos-do-engenhoso-estudio-de-foto-tematica-na-feira-de-sao-cristovao\/#primaryimage\"},\"image\":{\"@id\":\"https:\/\/agrestefotostudio.com.br\/blog\/2018\/11\/08\/7-anos-do-engenhoso-estudio-de-foto-tematica-na-feira-de-sao-cristovao\/#primaryimage\"},\"thumbnailUrl\":\"https:\/\/agrestefotostudio.com.br\/blog\/wp-content\/uploads\/2018\/11\/destaque-agreste.jpg\",\"datePublished\":\"2018-11-08T12:00:19+00:00\",\"breadcrumb\":{\"@id\":\"https:\/\/agrestefotostudio.com.br\/blog\/2018\/11\/08\/7-anos-do-engenhoso-estudio-de-foto-tematica-na-feira-de-sao-cristovao\/#breadcrumb\"},\"inLanguage\":\"pt-BR\",\"potentialAction\":[{\"@type\":\"ReadAction\",\"target\":[\"https:\/\/agrestefotostudio.com.br\/blog\/2018\/11\/08\/7-anos-do-engenhoso-estudio-de-foto-tematica-na-feira-de-sao-cristovao\/\"]}]},{\"@type\":\"ImageObject\",\"inLanguage\":\"pt-BR\",\"@id\":\"https:\/\/agrestefotostudio.com.br\/blog\/2018\/11\/08\/7-anos-do-engenhoso-estudio-de-foto-tematica-na-feira-de-sao-cristovao\/#primaryimage\",\"url\":\"https:\/\/agrestefotostudio.com.br\/blog\/wp-content\/uploads\/2018\/11\/destaque-agreste.jpg\",\"contentUrl\":\"https:\/\/agrestefotostudio.com.br\/blog\/wp-content\/uploads\/2018\/11\/destaque-agreste.jpg\",\"width\":920,\"height\":550,\"caption\":\"Foto: H\u00e9lio Motta\"},{\"@type\":\"BreadcrumbList\",\"@id\":\"https:\/\/agrestefotostudio.com.br\/blog\/2018\/11\/08\/7-anos-do-engenhoso-estudio-de-foto-tematica-na-feira-de-sao-cristovao\/#breadcrumb\",\"itemListElement\":[{\"@type\":\"ListItem\",\"position\":1,\"name\":\"In\u00edcio\",\"item\":\"https:\/\/agrestefotostudio.com.br\/blog\/\"},{\"@type\":\"ListItem\",\"position\":2,\"name\":\"7 anos do Engenhoso Est\u00fadio de Foto Tem\u00e1tica na Feira de S\u00e3o Crist\u00f3v\u00e3o\"}]},{\"@type\":\"WebSite\",\"@id\":\"https:\/\/agrestefotostudio.com.br\/blog\/#website\",\"url\":\"https:\/\/agrestefotostudio.com.br\/blog\/\",\"name\":\"Agreste Foto & Studio\",\"description\":\"A sua lembran\u00e7a mais divertida da Feira de S\u00e3o Crist\u00f3v\u00e3o\",\"publisher\":{\"@id\":\"https:\/\/agrestefotostudio.com.br\/blog\/#organization\"},\"potentialAction\":[{\"@type\":\"SearchAction\",\"target\":{\"@type\":\"EntryPoint\",\"urlTemplate\":\"https:\/\/agrestefotostudio.com.br\/blog\/?s={search_term_string}\"},\"query-input\":{\"@type\":\"PropertyValueSpecification\",\"valueRequired\":true,\"valueName\":\"search_term_string\"}}],\"inLanguage\":\"pt-BR\"},{\"@type\":\"Organization\",\"@id\":\"https:\/\/agrestefotostudio.com.br\/blog\/#organization\",\"name\":\"Agreste Foto & Studio\",\"url\":\"https:\/\/agrestefotostudio.com.br\/blog\/\",\"logo\":{\"@type\":\"ImageObject\",\"inLanguage\":\"pt-BR\",\"@id\":\"https:\/\/agrestefotostudio.com.br\/blog\/#\/schema\/logo\/image\/\",\"url\":\"http:\/\/agrestefotostudio.com.br\/blog\/wp-content\/uploads\/2017\/07\/Logo-e1534389219888.png\",\"contentUrl\":\"http:\/\/agrestefotostudio.com.br\/blog\/wp-content\/uploads\/2017\/07\/Logo-e1534389219888.png\",\"width\":450,\"height\":131,\"caption\":\"Agreste Foto & Studio\"},\"image\":{\"@id\":\"https:\/\/agrestefotostudio.com.br\/blog\/#\/schema\/logo\/image\/\"},\"sameAs\":[\"https:\/\/www.facebook.com\/agrestefotostudio\",\"https:\/\/x.com\/agreste_studio\",\"https:\/\/www.instagram.com\/agreste_foto_studio\/\"]},{\"@type\":\"Person\",\"@id\":\"https:\/\/agrestefotostudio.com.br\/blog\/#\/schema\/person\/ab4eca1a6c1fccb46d9a09db7c91a603\",\"name\":\"afs\",\"image\":{\"@type\":\"ImageObject\",\"inLanguage\":\"pt-BR\",\"@id\":\"https:\/\/agrestefotostudio.com.br\/blog\/#\/schema\/person\/image\/\",\"url\":\"https:\/\/secure.gravatar.com\/avatar\/c26b32c29b73dc7a3d01862abbe5d93bfceead7f231244b0a43e319fe56aa164?s=96&d=mm&r=g\",\"contentUrl\":\"https:\/\/secure.gravatar.com\/avatar\/c26b32c29b73dc7a3d01862abbe5d93bfceead7f231244b0a43e319fe56aa164?s=96&d=mm&r=g\",\"caption\":\"afs\"}}]}<\/script>\n<!-- \/ Yoast SEO plugin. -->","yoast_head_json":{"title":"7 anos do Engenhoso Est\u00fadio de Foto Tem\u00e1tica na Feira de S\u00e3o Crist\u00f3v\u00e3o -","robots":{"index":"index","follow":"follow","max-snippet":"max-snippet:-1","max-image-preview":"max-image-preview:large","max-video-preview":"max-video-preview:-1"},"canonical":"https:\/\/agrestefotostudio.com.br\/blog\/2018\/11\/08\/7-anos-do-engenhoso-estudio-de-foto-tematica-na-feira-de-sao-cristovao\/","og_locale":"pt_BR","og_type":"article","og_title":"7 anos do Engenhoso Est\u00fadio de Foto Tem\u00e1tica na Feira de S\u00e3o Crist\u00f3v\u00e3o -","og_description":"\u00a0\u00a0\u00a0\u00a0 O est\u00fadio Agreste de fotos tem\u00e1ticas completou, em abril deste ano, mais um anivers\u00e1rio da marca: 7 anos! Eu&hellip;","og_url":"https:\/\/agrestefotostudio.com.br\/blog\/2018\/11\/08\/7-anos-do-engenhoso-estudio-de-foto-tematica-na-feira-de-sao-cristovao\/","article_publisher":"https:\/\/www.facebook.com\/agrestefotostudio","article_published_time":"2018-11-08T12:00:19+00:00","og_image":[{"width":920,"height":550,"url":"https:\/\/agrestefotostudio.com.br\/blog\/wp-content\/uploads\/2018\/11\/destaque-agreste.jpg","type":"image\/jpeg"}],"author":"afs","twitter_card":"summary_large_image","twitter_creator":"@agreste_studio","twitter_site":"@agreste_studio","twitter_misc":{"Escrito por":"afs","Est. tempo de leitura":"3 minutos"},"schema":{"@context":"https:\/\/schema.org","@graph":[{"@type":"Article","@id":"https:\/\/agrestefotostudio.com.br\/blog\/2018\/11\/08\/7-anos-do-engenhoso-estudio-de-foto-tematica-na-feira-de-sao-cristovao\/#article","isPartOf":{"@id":"https:\/\/agrestefotostudio.com.br\/blog\/2018\/11\/08\/7-anos-do-engenhoso-estudio-de-foto-tematica-na-feira-de-sao-cristovao\/"},"author":{"name":"afs","@id":"https:\/\/agrestefotostudio.com.br\/blog\/#\/schema\/person\/ab4eca1a6c1fccb46d9a09db7c91a603"},"headline":"7 anos do Engenhoso Est\u00fadio de Foto Tem\u00e1tica na Feira de S\u00e3o Crist\u00f3v\u00e3o","datePublished":"2018-11-08T12:00:19+00:00","mainEntityOfPage":{"@id":"https:\/\/agrestefotostudio.com.br\/blog\/2018\/11\/08\/7-anos-do-engenhoso-estudio-de-foto-tematica-na-feira-de-sao-cristovao\/"},"wordCount":675,"commentCount":0,"publisher":{"@id":"https:\/\/agrestefotostudio.com.br\/blog\/#organization"},"image":{"@id":"https:\/\/agrestefotostudio.com.br\/blog\/2018\/11\/08\/7-anos-do-engenhoso-estudio-de-foto-tematica-na-feira-de-sao-cristovao\/#primaryimage"},"thumbnailUrl":"https:\/\/agrestefotostudio.com.br\/blog\/wp-content\/uploads\/2018\/11\/destaque-agreste.jpg","keywords":["#agrestefotostudio","#vemprorio","Agreste Foto Studio","Centro de Tradi\u00e7\u00f5es Nordestinas Luiz Gonzaga","Feira de S\u00e3o Crist\u00f3v\u00e3o","Foto Tem\u00e1tica","Pontos Tur\u00edsticos Rio de Janeiro","Turismo Rio de Janeiro"],"articleSection":["Mat\u00e9rias"],"inLanguage":"pt-BR","potentialAction":[{"@type":"CommentAction","name":"Comment","target":["https:\/\/agrestefotostudio.com.br\/blog\/2018\/11\/08\/7-anos-do-engenhoso-estudio-de-foto-tematica-na-feira-de-sao-cristovao\/#respond"]}]},{"@type":"WebPage","@id":"https:\/\/agrestefotostudio.com.br\/blog\/2018\/11\/08\/7-anos-do-engenhoso-estudio-de-foto-tematica-na-feira-de-sao-cristovao\/","url":"https:\/\/agrestefotostudio.com.br\/blog\/2018\/11\/08\/7-anos-do-engenhoso-estudio-de-foto-tematica-na-feira-de-sao-cristovao\/","name":"7 anos do Engenhoso Est\u00fadio de Foto Tem\u00e1tica na Feira de S\u00e3o Crist\u00f3v\u00e3o -","isPartOf":{"@id":"https:\/\/agrestefotostudio.com.br\/blog\/#website"},"primaryImageOfPage":{"@id":"https:\/\/agrestefotostudio.com.br\/blog\/2018\/11\/08\/7-anos-do-engenhoso-estudio-de-foto-tematica-na-feira-de-sao-cristovao\/#primaryimage"},"image":{"@id":"https:\/\/agrestefotostudio.com.br\/blog\/2018\/11\/08\/7-anos-do-engenhoso-estudio-de-foto-tematica-na-feira-de-sao-cristovao\/#primaryimage"},"thumbnailUrl":"https:\/\/agrestefotostudio.com.br\/blog\/wp-content\/uploads\/2018\/11\/destaque-agreste.jpg","datePublished":"2018-11-08T12:00:19+00:00","breadcrumb":{"@id":"https:\/\/agrestefotostudio.com.br\/blog\/2018\/11\/08\/7-anos-do-engenhoso-estudio-de-foto-tematica-na-feira-de-sao-cristovao\/#breadcrumb"},"inLanguage":"pt-BR","potentialAction":[{"@type":"ReadAction","target":["https:\/\/agrestefotostudio.com.br\/blog\/2018\/11\/08\/7-anos-do-engenhoso-estudio-de-foto-tematica-na-feira-de-sao-cristovao\/"]}]},{"@type":"ImageObject","inLanguage":"pt-BR","@id":"https:\/\/agrestefotostudio.com.br\/blog\/2018\/11\/08\/7-anos-do-engenhoso-estudio-de-foto-tematica-na-feira-de-sao-cristovao\/#primaryimage","url":"https:\/\/agrestefotostudio.com.br\/blog\/wp-content\/uploads\/2018\/11\/destaque-agreste.jpg","contentUrl":"https:\/\/agrestefotostudio.com.br\/blog\/wp-content\/uploads\/2018\/11\/destaque-agreste.jpg","width":920,"height":550,"caption":"Foto: H\u00e9lio Motta"},{"@type":"BreadcrumbList","@id":"https:\/\/agrestefotostudio.com.br\/blog\/2018\/11\/08\/7-anos-do-engenhoso-estudio-de-foto-tematica-na-feira-de-sao-cristovao\/#breadcrumb","itemListElement":[{"@type":"ListItem","position":1,"name":"In\u00edcio","item":"https:\/\/agrestefotostudio.com.br\/blog\/"},{"@type":"ListItem","position":2,"name":"7 anos do Engenhoso Est\u00fadio de Foto Tem\u00e1tica na Feira de S\u00e3o Crist\u00f3v\u00e3o"}]},{"@type":"WebSite","@id":"https:\/\/agrestefotostudio.com.br\/blog\/#website","url":"https:\/\/agrestefotostudio.com.br\/blog\/","name":"Agreste Foto & Studio","description":"A sua lembran\u00e7a mais divertida da Feira de S\u00e3o Crist\u00f3v\u00e3o","publisher":{"@id":"https:\/\/agrestefotostudio.com.br\/blog\/#organization"},"potentialAction":[{"@type":"SearchAction","target":{"@type":"EntryPoint","urlTemplate":"https:\/\/agrestefotostudio.com.br\/blog\/?s={search_term_string}"},"query-input":{"@type":"PropertyValueSpecification","valueRequired":true,"valueName":"search_term_string"}}],"inLanguage":"pt-BR"},{"@type":"Organization","@id":"https:\/\/agrestefotostudio.com.br\/blog\/#organization","name":"Agreste Foto & Studio","url":"https:\/\/agrestefotostudio.com.br\/blog\/","logo":{"@type":"ImageObject","inLanguage":"pt-BR","@id":"https:\/\/agrestefotostudio.com.br\/blog\/#\/schema\/logo\/image\/","url":"http:\/\/agrestefotostudio.com.br\/blog\/wp-content\/uploads\/2017\/07\/Logo-e1534389219888.png","contentUrl":"http:\/\/agrestefotostudio.com.br\/blog\/wp-content\/uploads\/2017\/07\/Logo-e1534389219888.png","width":450,"height":131,"caption":"Agreste Foto & Studio"},"image":{"@id":"https:\/\/agrestefotostudio.com.br\/blog\/#\/schema\/logo\/image\/"},"sameAs":["https:\/\/www.facebook.com\/agrestefotostudio","https:\/\/x.com\/agreste_studio","https:\/\/www.instagram.com\/agreste_foto_studio\/"]},{"@type":"Person","@id":"https:\/\/agrestefotostudio.com.br\/blog\/#\/schema\/person\/ab4eca1a6c1fccb46d9a09db7c91a603","name":"afs","image":{"@type":"ImageObject","inLanguage":"pt-BR","@id":"https:\/\/agrestefotostudio.com.br\/blog\/#\/schema\/person\/image\/","url":"https:\/\/secure.gravatar.com\/avatar\/c26b32c29b73dc7a3d01862abbe5d93bfceead7f231244b0a43e319fe56aa164?s=96&d=mm&r=g","contentUrl":"https:\/\/secure.gravatar.com\/avatar\/c26b32c29b73dc7a3d01862abbe5d93bfceead7f231244b0a43e319fe56aa164?s=96&d=mm&r=g","caption":"afs"}}]}},"_links":{"self":[{"href":"https:\/\/agrestefotostudio.com.br\/blog\/wp-json\/wp\/v2\/posts\/993","targetHints":{"allow":["GET"]}}],"collection":[{"href":"https:\/\/agrestefotostudio.com.br\/blog\/wp-json\/wp\/v2\/posts"}],"about":[{"href":"https:\/\/agrestefotostudio.com.br\/blog\/wp-json\/wp\/v2\/types\/post"}],"author":[{"embeddable":true,"href":"https:\/\/agrestefotostudio.com.br\/blog\/wp-json\/wp\/v2\/users\/1"}],"replies":[{"embeddable":true,"href":"https:\/\/agrestefotostudio.com.br\/blog\/wp-json\/wp\/v2\/comments?post=993"}],"version-history":[{"count":6,"href":"https:\/\/agrestefotostudio.com.br\/blog\/wp-json\/wp\/v2\/posts\/993\/revisions"}],"predecessor-version":[{"id":1006,"href":"https:\/\/agrestefotostudio.com.br\/blog\/wp-json\/wp\/v2\/posts\/993\/revisions\/1006"}],"wp:featuredmedia":[{"embeddable":true,"href":"https:\/\/agrestefotostudio.com.br\/blog\/wp-json\/wp\/v2\/media\/994"}],"wp:attachment":[{"href":"https:\/\/agrestefotostudio.com.br\/blog\/wp-json\/wp\/v2\/media?parent=993"}],"wp:term":[{"taxonomy":"category","embeddable":true,"href":"https:\/\/agrestefotostudio.com.br\/blog\/wp-json\/wp\/v2\/categories?post=993"},{"taxonomy":"post_tag","embeddable":true,"href":"https:\/\/agrestefotostudio.com.br\/blog\/wp-json\/wp\/v2\/tags?post=993"}],"curies":[{"name":"wp","href":"https:\/\/api.w.org\/{rel}","templated":true}]}}